{"id":43601,"date":"2026-08-31T07:19:27","date_gmt":"2026-08-31T07:19:27","guid":{"rendered":"https:\/\/www.scuoladimtb.eu\/formazione\/?p=43601"},"modified":"2026-08-31T07:19:28","modified_gmt":"2026-08-31T07:19:28","slug":"e-bike-gravity-tour-leader-quando-le-bike-cambia-il-modo-di-vivere-la-montagna","status":"publish","type":"post","link":"https:\/\/www.scuoladimtb.eu\/formazione\/e-bike-gravity-tour-leader-quando-le-bike-cambia-il-modo-di-vivere-la-montagna\/","title":{"rendered":"E-Bike Gravity Tour Leader: quando l&#8217;e-bike cambia il modo di vivere la montagna"},"content":{"rendered":"\n<h1 class=\"wp-block-heading\"><\/h1>\n\n\n\n<p class=\"wp-block-paragraph\">C&#8217;\u00e8 una parola che negli ultimi anni ha cambiato profondamente il vocabolario della mountain bike: <strong>e-bike<\/strong>.<\/p>\n\n\n\n<p class=\"wp-block-paragraph\">Non si tratta pi\u00f9 di una semplice variante della bicicletta tradizionale. Le moderne e-MTB hanno modificato il modo di affrontare le salite, ampliato la possibilit\u00e0 di raggiungere determinati territori e, soprattutto, hanno aperto il mondo della mountain bike a persone che fino a qualche anno fa non avrebbero necessariamente pensato di poter affrontare certi itinerari.<\/p>\n\n\n\n<p class=\"wp-block-paragraph\">Ma proprio perch\u00e9 cambia il mezzo, cambia anche il modo di accompagnare chi lo utilizza.<\/p>\n\n\n\n<p class=\"wp-block-paragraph\">\u00c8 da questa esigenza che nasce una figura particolare: l&#8217;<strong>E-Bike Gravity Tour Leader<\/strong>, protagonista di uno dei corsi specialistici inseriti nel calendario dell&#8217;Accademia Nazionale del Ciclismo.<\/p>\n\n\n\n<p class=\"wp-block-paragraph\">L&#8217;appuntamento \u00e8 fissato per <strong>30, 31 ottobre e 1\u00b0 novembre 2026 a Finale Ligure (SV)<\/strong>. Una localit\u00e0 che non ha bisogno di molte presentazioni per chi frequenta il mondo della MTB, ma che in questo caso diventa soprattutto il terreno ideale per confrontarsi con una concezione della guida nella quale tecnica, territorio, gestione del gruppo e caratteristiche dell&#8217;e-bike devono convivere.<\/p>\n\n\n\n<h2 class=\"wp-block-heading\">Gravity non significa semplicemente andare forte<\/h2>\n\n\n\n<p class=\"wp-block-paragraph\">La parola \u201cgravity\u201d pu\u00f2 trarre in inganno.<\/p>\n\n\n\n<p class=\"wp-block-paragraph\">Fa pensare immediatamente a discese, velocit\u00e0, salti e percorsi tecnici. Ma un Tour Leader specializzato non \u00e8 semplicemente quello che conosce le discese pi\u00f9 difficili.<\/p>\n\n\n\n<p class=\"wp-block-paragraph\">Il suo compito \u00e8 molto pi\u00f9 articolato.<\/p>\n\n\n\n<p class=\"wp-block-paragraph\">Deve conoscere il comportamento di una e-MTB, comprenderne caratteristiche e limiti, saper gestire un gruppo e costruire un&#8217;esperienza coerente con le capacit\u00e0 dei partecipanti.<\/p>\n\n\n\n<p class=\"wp-block-paragraph\">La velocit\u00e0, in questo contesto, \u00e8 soltanto una delle tante variabili.<\/p>\n\n\n\n<p class=\"wp-block-paragraph\">Una giornata ben organizzata non \u00e8 quella nella quale tutti arrivano pi\u00f9 velocemente possibile in fondo al trail. \u00c8 quella nella quale il gruppo affronta il percorso in condizioni di sicurezza, divertendosi e tornando a casa con la voglia di rifarlo.<\/p>\n\n\n\n<figure class=\"wp-block-image size-large\"><img fetchpriority=\"high\" decoding=\"async\" width=\"1024\" height=\"576\" src=\"https:\/\/www.scuoladimtb.eu\/formazione\/wp-content\/uploads\/2023\/11\/gravity-riva2-1024x576.jpeg\" alt=\"\" class=\"wp-image-35651\" srcset=\"https:\/\/www.scuoladimtb.eu\/formazione\/wp-content\/uploads\/2023\/11\/gravity-riva2-1024x576.jpeg 1024w, https:\/\/www.scuoladimtb.eu\/formazione\/wp-content\/uploads\/2023\/11\/gravity-riva2-300x169.jpeg 300w, https:\/\/www.scuoladimtb.eu\/formazione\/wp-content\/uploads\/2023\/11\/gravity-riva2-768x432.jpeg 768w, https:\/\/www.scuoladimtb.eu\/formazione\/wp-content\/uploads\/2023\/11\/gravity-riva2-1536x864.jpeg 1536w, https:\/\/www.scuoladimtb.eu\/formazione\/wp-content\/uploads\/2023\/11\/gravity-riva2-2048x1152.jpeg 2048w\" sizes=\"(max-width: 1024px) 100vw, 1024px\" \/><\/figure>\n\n\n\n<h2 class=\"wp-block-heading\">L&#8217;e-bike ha cambiato soprattutto le salite<\/h2>\n\n\n\n<p class=\"wp-block-paragraph\">\u00c8 probabilmente la prima grande differenza rispetto alla MTB tradizionale.<\/p>\n\n\n\n<p class=\"wp-block-paragraph\">Con una e-MTB, il dislivello pu\u00f2 essere affrontato in maniera differente. Salite che richiederebbero una preparazione fisica importante diventano pi\u00f9 accessibili e questo permette di raggiungere pi\u00f9 rapidamente determinati punti del territorio.<\/p>\n\n\n\n<p class=\"wp-block-paragraph\">Ma questo non significa che la fatica scompaia.<\/p>\n\n\n\n<p class=\"wp-block-paragraph\">Semplicemente cambia.<\/p>\n\n\n\n<p class=\"wp-block-paragraph\">La gestione della batteria diventa una variabile fondamentale. Il rider deve imparare a utilizzare l&#8217;assistenza in maniera intelligente e la persona che accompagna il gruppo deve considerare l&#8217;autonomia residua nella pianificazione dell&#8217;itinerario.<\/p>\n\n\n\n<p class=\"wp-block-paragraph\">Un errore di valutazione su una e-bike pu\u00f2 avere conseguenze molto diverse rispetto a una bicicletta muscolare.<\/p>\n\n\n\n<p class=\"wp-block-paragraph\">Se si rimane senza energia nel punto sbagliato del percorso, avere ancora una bicicletta perfettamente funzionante non significa necessariamente poter proseguire facilmente.<\/p>\n\n\n\n<h2 class=\"wp-block-heading\">La batteria entra nella pianificazione del tour<\/h2>\n\n\n\n<p class=\"wp-block-paragraph\">Per un Tour Leader, quindi, la traccia GPS non \u00e8 sufficiente.<\/p>\n\n\n\n<p class=\"wp-block-paragraph\">Bisogna ragionare sul percorso anche in termini energetici.<\/p>\n\n\n\n<p class=\"wp-block-paragraph\">Quanto dislivello dobbiamo affrontare?<\/p>\n\n\n\n<p class=\"wp-block-paragraph\">Quali sono i tratti nei quali conviene utilizzare maggiore assistenza?<\/p>\n\n\n\n<p class=\"wp-block-paragraph\">Quanto margine dobbiamo lasciare?<\/p>\n\n\n\n<p class=\"wp-block-paragraph\">Ci sono possibilit\u00e0 di ricarica?<\/p>\n\n\n\n<p class=\"wp-block-paragraph\">Il gruppo \u00e8 omogeneo oppure alcuni partecipanti consumano molta pi\u00f9 energia di altri?<\/p>\n\n\n\n<p class=\"wp-block-paragraph\">Sono domande che con la MTB tradizionale possono avere un peso minore, mentre con una e-MTB diventano parte integrante della pianificazione.<\/p>\n\n\n\n<p class=\"wp-block-paragraph\">E questo porta a una considerazione interessante: <strong>l&#8217;e-bike non elimina la necessit\u00e0 di esperienza. In molti casi la aumenta.<\/strong><\/p>\n\n\n\n<h2 class=\"wp-block-heading\">Un gruppo di e-bike non \u00e8 automaticamente un gruppo omogeneo<\/h2>\n\n\n\n<p class=\"wp-block-paragraph\">Un altro errore frequente consiste nel pensare che tutti i partecipanti con una e-MTB abbiano pi\u00f9 o meno le stesse capacit\u00e0.<\/p>\n\n\n\n<p class=\"wp-block-paragraph\">Non \u00e8 cos\u00ec.<\/p>\n\n\n\n<p class=\"wp-block-paragraph\">La diffusione dell&#8217;assistenza elettrica ha portato sui trail persone con esperienze molto diverse.<\/p>\n\n\n\n<p class=\"wp-block-paragraph\">C&#8217;\u00e8 il biker esperto che utilizza l&#8217;e-bike per affrontare itinerari pi\u00f9 lunghi.<\/p>\n\n\n\n<p class=\"wp-block-paragraph\">C&#8217;\u00e8 chi arriva dalla bici da strada.<\/p>\n\n\n\n<p class=\"wp-block-paragraph\">C&#8217;\u00e8 chi ha iniziato direttamente con una e-MTB.<\/p>\n\n\n\n<p class=\"wp-block-paragraph\">C&#8217;\u00e8 chi possiede una grande preparazione fisica ma poca tecnica.<\/p>\n\n\n\n<p class=\"wp-block-paragraph\">E c&#8217;\u00e8 chi, al contrario, possiede una buona tecnica ma non ha esperienza nella gestione di una bicicletta pesante e potente in discesa.<\/p>\n\n\n\n<p class=\"wp-block-paragraph\">Per il Tour Leader questa variet\u00e0 rappresenta una delle principali sfide.<\/p>\n\n\n\n<h2 class=\"wp-block-heading\">Il peso cambia il comportamento della bicicletta<\/h2>\n\n\n\n<p class=\"wp-block-paragraph\">Una e-MTB moderna pu\u00f2 essere molto pi\u00f9 pesante di una MTB muscolare.<\/p>\n\n\n\n<p class=\"wp-block-paragraph\">Questo dato non \u00e8 una semplice curiosit\u00e0 da bilancia.<\/p>\n\n\n\n<p class=\"wp-block-paragraph\">Il peso influenza inerzia, frenata, cambi di direzione e comportamento sui terreni sconnessi.<\/p>\n\n\n\n<p class=\"wp-block-paragraph\">La bicicletta pu\u00f2 richiedere un approccio differente soprattutto nei tratti tecnici.<\/p>\n\n\n\n<p class=\"wp-block-paragraph\">Chi arriva dalla MTB tradizionale pu\u00f2 essere tentato di guidare la e-bike esattamente nello stesso modo.<\/p>\n\n\n\n<p class=\"wp-block-paragraph\">Non sempre funziona.<\/p>\n\n\n\n<p class=\"wp-block-paragraph\">Bisogna imparare a conoscere il mezzo e a comprenderne le reazioni.<\/p>\n\n\n\n<p class=\"wp-block-paragraph\">Per questo una formazione specifica ha senso: non basta aggiungere un motore alla propria esperienza precedente e considerare concluso il problema.<\/p>\n\n\n\n<h2 class=\"wp-block-heading\">Il vero lavoro comincia prima della discesa<\/h2>\n\n\n\n<p class=\"wp-block-paragraph\">Una delle immagini pi\u00f9 semplici del mondo gravity \u00e8 quella del rider che arriva in cima e poi si lancia verso valle.<\/p>\n\n\n\n<p class=\"wp-block-paragraph\">Ma una buona discesa comincia molto prima.<\/p>\n\n\n\n<p class=\"wp-block-paragraph\">Comincia dalla scelta del percorso.<\/p>\n\n\n\n<p class=\"wp-block-paragraph\">Dalla verifica delle condizioni.<\/p>\n\n\n\n<p class=\"wp-block-paragraph\">Dalla preparazione delle biciclette.<\/p>\n\n\n\n<p class=\"wp-block-paragraph\">Dalla comunicazione con il gruppo.<\/p>\n\n\n\n<p class=\"wp-block-paragraph\">Dalla spiegazione dei passaggi pi\u00f9 delicati.<\/p>\n\n\n\n<p class=\"wp-block-paragraph\">Dalla verifica che tutti siano nelle condizioni di affrontare ci\u00f2 che sta per arrivare.<\/p>\n\n\n\n<p class=\"wp-block-paragraph\">La parte pi\u00f9 spettacolare dell&#8217;escursione \u00e8 quindi soltanto il risultato di una grande quantit\u00e0 di lavoro invisibile.<\/p>\n\n\n\n<p class=\"wp-block-paragraph\">Ed \u00e8 proprio questo lavoro che distingue un&#8217;esperienza improvvisata da un&#8217;attivit\u00e0 guidata professionalmente.<\/p>\n\n\n\n<h2 class=\"wp-block-heading\">La Guida deve sapere rinunciare<\/h2>\n\n\n\n<p class=\"wp-block-paragraph\">Anche nel mondo gravity esiste una competenza che vale pi\u00f9 di molte altre: sapere quando non \u00e8 il caso di proseguire.<\/p>\n\n\n\n<p class=\"wp-block-paragraph\">Il terreno pu\u00f2 cambiare.<\/p>\n\n\n\n<p class=\"wp-block-paragraph\">La pioggia pu\u00f2 rendere un trail molto pi\u00f9 difficile.<\/p>\n\n\n\n<p class=\"wp-block-paragraph\">Un partecipante pu\u00f2 essere stanco.<\/p>\n\n\n\n<p class=\"wp-block-paragraph\">Una bicicletta pu\u00f2 avere un problema.<\/p>\n\n\n\n<p class=\"wp-block-paragraph\">Una batteria pu\u00f2 essere troppo scarica.<\/p>\n\n\n\n<p class=\"wp-block-paragraph\">La tentazione di rispettare a tutti i costi il programma pu\u00f2 essere forte.<\/p>\n\n\n\n<p class=\"wp-block-paragraph\">Ma il programma non \u00e8 pi\u00f9 importante delle persone.<\/p>\n\n\n\n<p class=\"wp-block-paragraph\">Un Tour Leader preparato deve essere disposto a cambiare itinerario, accorciare il giro o rinunciare a un tratto.<\/p>\n\n\n\n<p class=\"wp-block-paragraph\">Non \u00e8 una sconfitta.<\/p>\n\n\n\n<p class=\"wp-block-paragraph\">\u00c8 professionalit\u00e0.<\/p>\n\n\n\n<figure class=\"wp-block-image size-large\"><img decoding=\"async\" width=\"1024\" height=\"683\" src=\"https:\/\/www.scuoladimtb.eu\/formazione\/wp-content\/uploads\/2021\/12\/FanticRentFinale2021-HIGH-39-1024x683.jpg\" alt=\"\" class=\"wp-image-32085\" srcset=\"https:\/\/www.scuoladimtb.eu\/formazione\/wp-content\/uploads\/2021\/12\/FanticRentFinale2021-HIGH-39-1024x683.jpg 1024w, https:\/\/www.scuoladimtb.eu\/formazione\/wp-content\/uploads\/2021\/12\/FanticRentFinale2021-HIGH-39-300x200.jpg 300w, https:\/\/www.scuoladimtb.eu\/formazione\/wp-content\/uploads\/2021\/12\/FanticRentFinale2021-HIGH-39-1536x1024.jpg 1536w, https:\/\/www.scuoladimtb.eu\/formazione\/wp-content\/uploads\/2021\/12\/FanticRentFinale2021-HIGH-39-2048x1366.jpg 2048w, https:\/\/www.scuoladimtb.eu\/formazione\/wp-content\/uploads\/2021\/12\/FanticRentFinale2021-HIGH-39-600x400.jpg 600w\" sizes=\"(max-width: 1024px) 100vw, 1024px\" \/><\/figure>\n\n\n\n<h2 class=\"wp-block-heading\">Finale Ligure come aula a cielo aperto<\/h2>\n\n\n\n<p class=\"wp-block-paragraph\">La scelta di <strong>Finale Ligure<\/strong> per l&#8217;E-Bike Gravity Tour Leader non \u00e8 casuale.<\/p>\n\n\n\n<p class=\"wp-block-paragraph\">\u00c8 uno dei territori italiani maggiormente associati alla mountain bike e al gravity riding, con una tradizione consolidata di percorsi e attivit\u00e0 legate al fuoristrada.<\/p>\n\n\n\n<p class=\"wp-block-paragraph\">Portare qui un corso significa confrontarsi con un ambiente nel quale la componente tecnica del riding pu\u00f2 essere particolarmente presente, ma anche con un territorio nel quale la capacit\u00e0 di organizzare un tour assume un&#8217;importanza concreta.<\/p>\n\n\n\n<p class=\"wp-block-paragraph\">L&#8217;aula, in questo caso, non \u00e8 soltanto una stanza.<\/p>\n\n\n\n<p class=\"wp-block-paragraph\">\u00c8 il trail.<\/p>\n\n\n\n<p class=\"wp-block-paragraph\">\u00c8 la salita.<\/p>\n\n\n\n<p class=\"wp-block-paragraph\">\u00c8 la discesa.<\/p>\n\n\n\n<p class=\"wp-block-paragraph\">\u00c8 il gruppo.<\/p>\n\n\n\n<p class=\"wp-block-paragraph\">\u00c8 tutto ci\u00f2 che accade quando la teoria deve trasformarsi in una decisione reale.<\/p>\n\n\n\n<h2 class=\"wp-block-heading\">La differenza tra accompagnare e guidare<\/h2>\n\n\n\n<p class=\"wp-block-paragraph\">Questa distinzione diventa ancora pi\u00f9 importante con le e-bike.<\/p>\n\n\n\n<p class=\"wp-block-paragraph\">Accompagnare significa condurre le persone lungo un itinerario.<\/p>\n\n\n\n<p class=\"wp-block-paragraph\">Guidare significa essere responsabili dell&#8217;esperienza.<\/p>\n\n\n\n<p class=\"wp-block-paragraph\">La differenza sta nella capacit\u00e0 di anticipare.<\/p>\n\n\n\n<p class=\"wp-block-paragraph\">Anticipare un problema.<\/p>\n\n\n\n<p class=\"wp-block-paragraph\">Anticipare una difficolt\u00e0.<\/p>\n\n\n\n<p class=\"wp-block-paragraph\">Anticipare la stanchezza.<\/p>\n\n\n\n<p class=\"wp-block-paragraph\">Anticipare un cambiamento del terreno.<\/p>\n\n\n\n<p class=\"wp-block-paragraph\">Anticipare le esigenze del gruppo.<\/p>\n\n\n\n<p class=\"wp-block-paragraph\">Il Tour Leader deve cercare di arrivare prima del problema, non soltanto essere bravo a risolverlo quando si presenta.<\/p>\n\n\n\n<h2 class=\"wp-block-heading\">Anche la meccanica diventa parte dell&#8217;esperienza<\/h2>\n\n\n\n<p class=\"wp-block-paragraph\">Una e-MTB \u00e8 una macchina tecnologicamente complessa.<\/p>\n\n\n\n<p class=\"wp-block-paragraph\">Motore, batteria, trasmissione, elettronica e componentistica devono lavorare insieme.<\/p>\n\n\n\n<p class=\"wp-block-paragraph\">Durante un tour non \u00e8 necessario trasformarsi in un tecnico specializzato, ma bisogna conoscere il mezzo abbastanza da riconoscere eventuali anomalie e gestire le situazioni pi\u00f9 comuni.<\/p>\n\n\n\n<p class=\"wp-block-paragraph\">Una buona preparazione significa anche sapere quali controlli effettuare prima di partire.<\/p>\n\n\n\n<p class=\"wp-block-paragraph\">Perch\u00e9 il miglior intervento meccanico \u00e8 spesso quello che non diventa necessario durante il trail.<\/p>\n\n\n\n<h2 class=\"wp-block-heading\">Il Tour Leader deve conoscere anche le persone<\/h2>\n\n\n\n<p class=\"wp-block-paragraph\">La tecnologia, per\u00f2, non deve farci dimenticare l&#8217;elemento centrale.<\/p>\n\n\n\n<p class=\"wp-block-paragraph\">Il gruppo.<\/p>\n\n\n\n<p class=\"wp-block-paragraph\">Una persona pu\u00f2 avere una e-bike sofisticatissima e non sentirsi sicura su un passaggio tecnico.<\/p>\n\n\n\n<p class=\"wp-block-paragraph\">Un&#8217;altra pu\u00f2 avere un mezzo meno performante ma una grande esperienza.<\/p>\n\n\n\n<p class=\"wp-block-paragraph\">Qualcuno pu\u00f2 avere paura.<\/p>\n\n\n\n<p class=\"wp-block-paragraph\">Qualcun altro pu\u00f2 voler dimostrare troppo.<\/p>\n\n\n\n<p class=\"wp-block-paragraph\">La capacit\u00e0 di leggere queste situazioni \u00e8 fondamentale.<\/p>\n\n\n\n<p class=\"wp-block-paragraph\">La Guida deve sapere quando incoraggiare, quando rallentare e quando fermare il gruppo.<\/p>\n\n\n\n<p class=\"wp-block-paragraph\">Non esiste un&#8217;impostazione automatica.<\/p>\n\n\n\n<p class=\"wp-block-paragraph\">Ogni gruppo \u00e8 diverso.<\/p>\n\n\n\n<h2 class=\"wp-block-heading\">La formazione trasforma l&#8217;esperienza in metodo<\/h2>\n\n\n\n<p class=\"wp-block-paragraph\">Molti biker imparano a utilizzare la propria e-MTB direttamente sul campo.<\/p>\n\n\n\n<p class=\"wp-block-paragraph\">\u00c8 normale.<\/p>\n\n\n\n<p class=\"wp-block-paragraph\">Si prova, si sbaglia, si modifica la posizione, si impara a usare l&#8217;assistenza e progressivamente si acquisisce confidenza.<\/p>\n\n\n\n<p class=\"wp-block-paragraph\">Ma quando quella bicicletta viene utilizzata per accompagnare altre persone, l&#8217;esperienza individuale non \u00e8 pi\u00f9 sufficiente.<\/p>\n\n\n\n<p class=\"wp-block-paragraph\">Serve metodo.<\/p>\n\n\n\n<p class=\"wp-block-paragraph\">Serve capacit\u00e0 di pianificazione.<\/p>\n\n\n\n<p class=\"wp-block-paragraph\">Serve comunicazione.<\/p>\n\n\n\n<p class=\"wp-block-paragraph\">Serve gestione del rischio.<\/p>\n\n\n\n<p class=\"wp-block-paragraph\">Serve una visione complessiva.<\/p>\n\n\n\n<p class=\"wp-block-paragraph\">Ed \u00e8 proprio qui che un corso specialistico assume il suo significato.<\/p>\n\n\n\n<p class=\"wp-block-paragraph\">Non insegna soltanto a pedalare con un motore.<\/p>\n\n\n\n<p class=\"wp-block-paragraph\">Insegna a <strong>gestire un&#8217;esperienza e-bike<\/strong>.<\/p>\n\n\n\n<h2 class=\"wp-block-heading\">30 ottobre &#8211; 1\u00b0 novembre: tre giorni per cambiare prospettiva<\/h2>\n\n\n\n<p class=\"wp-block-paragraph\">Il corso <strong>E-Bike Gravity Tour Leader<\/strong> \u00e8 in calendario per <strong>30, 31 ottobre e 1\u00b0 novembre 2026 a Finale Ligure (SV)<\/strong>. La data \u00e8 riportata nell&#8217;Agenda ufficiale dei corsi dell&#8217;Accademia Nazionale del Ciclismo.<\/p>\n\n\n\n<p class=\"wp-block-paragraph\">Arriva inoltre in un momento particolare dell&#8217;anno.<\/p>\n\n\n\n<p class=\"wp-block-paragraph\">L&#8217;estate \u00e8 appena terminata, la stagione dei grandi tour \u00e8 ancora vicina e molti biker hanno gi\u00e0 accumulato una quantit\u00e0 importante di esperienza sui propri mezzi.<\/p>\n\n\n\n<p class=\"wp-block-paragraph\">\u00c8 quindi un periodo ideale per fermarsi e trasformare quella esperienza in consapevolezza.<\/p>\n\n\n\n<p class=\"wp-block-paragraph\">Perch\u00e9 l&#8217;e-bike ha ampliato enormemente ci\u00f2 che possiamo fare con una bicicletta.<\/p>\n\n\n\n<p class=\"wp-block-paragraph\">Ma ogni nuova possibilit\u00e0 porta con s\u00e9 nuove responsabilit\u00e0.<\/p>\n\n\n\n<figure class=\"wp-block-image size-large\"><img decoding=\"async\" width=\"1024\" height=\"683\" src=\"https:\/\/www.scuoladimtb.eu\/formazione\/wp-content\/uploads\/2021\/02\/e-bike-guida-1024x683.jpg\" alt=\"\" class=\"wp-image-29415\" srcset=\"https:\/\/www.scuoladimtb.eu\/formazione\/wp-content\/uploads\/2021\/02\/e-bike-guida-1024x683.jpg 1024w, https:\/\/www.scuoladimtb.eu\/formazione\/wp-content\/uploads\/2021\/02\/e-bike-guida-300x200.jpg 300w, https:\/\/www.scuoladimtb.eu\/formazione\/wp-content\/uploads\/2021\/02\/e-bike-guida-768x512.jpg 768w, https:\/\/www.scuoladimtb.eu\/formazione\/wp-content\/uploads\/2021\/02\/e-bike-guida.jpg 1068w\" sizes=\"(max-width: 1024px) 100vw, 1024px\" \/><\/figure>\n\n\n\n<h2 class=\"wp-block-heading\">La vera rivoluzione non \u00e8 il motore<\/h2>\n\n\n\n<p class=\"wp-block-paragraph\">Alla fine, forse, il punto non \u00e8 nemmeno il motore.<\/p>\n\n\n\n<p class=\"wp-block-paragraph\">La vera rivoluzione dell&#8217;e-bike \u00e8 aver modificato il concetto stesso di accessibilit\u00e0 alla montagna.<\/p>\n\n\n\n<p class=\"wp-block-paragraph\">Ha permesso a persone differenti di pedalare insieme, di raggiungere luoghi pi\u00f9 lontani e di vivere il territorio con modalit\u00e0 nuove.<\/p>\n\n\n\n<p class=\"wp-block-paragraph\">Ma per fare tutto questo bene servono persone preparate.<\/p>\n\n\n\n<p class=\"wp-block-paragraph\">Persone capaci di conoscere il mezzo, il territorio e soprattutto chi hanno davanti.<\/p>\n\n\n\n<p class=\"wp-block-paragraph\">Ed \u00e8 qui che nasce la figura dell&#8217;E-Bike Gravity Tour Leader.<\/p>\n\n\n\n<p class=\"wp-block-paragraph\">Non un semplice biker pi\u00f9 veloce.<\/p>\n\n\n\n<p class=\"wp-block-paragraph\">Non un accompagnatore con una e-bike.<\/p>\n\n\n\n<p class=\"wp-block-paragraph\">Ma una persona che ha scelto di mettere <strong>competenza, esperienza e responsabilit\u00e0<\/strong> al servizio di un modo nuovo di vivere la montagna.<\/p>\n\n\n\n<p class=\"wp-block-paragraph\">Perch\u00e9 il futuro della MTB sar\u00e0 probabilmente sempre pi\u00f9 elettrico.<\/p>\n\n\n\n<p class=\"wp-block-paragraph\">La qualit\u00e0 con cui sapremo viverlo, per\u00f2, dipender\u00e0 ancora \u2014 come sempre \u2014 dalle persone che ci accompagneranno sul sentiero.<\/p>\n","protected":false},"excerpt":{"rendered":"<p>C&#8217;\u00e8 una parola che negli ultimi anni ha cambiato profondamente il vocabolario della mountain bike: e-bike. Non si tratta pi\u00f9 di una semplice variante della bicicletta tradizionale. Le moderne e-MTB hanno modificato il modo di affrontare le salite, ampliato la possibilit\u00e0 di raggiungere determinati territori e, soprattutto, hanno aperto il mondo della mountain bike a [&hellip;]<\/p>\n","protected":false},"author":6,"featured_media":34167,"comment_status":"closed","ping_status":"open","sticky":false,"template":"","format":"standard","meta":{"footnotes":""},"categories":[72],"tags":[],"class_list":["post-43601","post","type-post","status-publish","format-standard","has-post-thumbnail","hentry","category-guide"],"yoast_head":"<!-- This site is optimized with the Yoast SEO plugin v28.3 - https:\/\/yoast.com\/product\/yoast-seo-wordpress\/ -->\n<title>E-Bike Gravity Tour Leader: quando l&#039;e-bike cambia il modo di vivere la montagna - Accademia Nazionale del Ciclismo<\/title>\n<meta name=\"robots\" content=\"index, follow, max-snippet:-1, max-image-preview:large, max-video-preview:-1\" \/>\n<link rel=\"canonical\" href=\"https:\/\/www.scuoladimtb.eu\/formazione\/e-bike-gravity-tour-leader-quando-le-bike-cambia-il-modo-di-vivere-la-montagna\/\" \/>\n<meta property=\"og:locale\" content=\"it_IT\" \/>\n<meta property=\"og:type\" content=\"article\" \/>\n<meta property=\"og:title\" content=\"E-Bike Gravity Tour Leader: quando l&#039;e-bike cambia il modo di vivere la montagna - Accademia Nazionale del Ciclismo\" \/>\n<meta property=\"og:description\" content=\"C&#8217;\u00e8 una parola che negli ultimi anni ha cambiato profondamente il vocabolario della mountain bike: e-bike. Non si tratta pi\u00f9 di una semplice variante della bicicletta tradizionale. Le moderne e-MTB hanno modificato il modo di affrontare le salite, ampliato la possibilit\u00e0 di raggiungere determinati territori e, soprattutto, hanno aperto il mondo della mountain bike a [&hellip;]\" \/>\n<meta property=\"og:url\" content=\"https:\/\/www.scuoladimtb.eu\/formazione\/e-bike-gravity-tour-leader-quando-le-bike-cambia-il-modo-di-vivere-la-montagna\/\" \/>\n<meta property=\"og:site_name\" content=\"Accademia Nazionale del Ciclismo\" \/>\n<meta property=\"article:publisher\" content=\"https:\/\/www.facebook.com\/AccademiaMountainBike\/\" \/>\n<meta property=\"article:published_time\" content=\"2026-08-31T07:19:27+00:00\" \/>\n<meta property=\"article:modified_time\" content=\"2026-08-31T07:19:28+00:00\" \/>\n<meta property=\"og:image\" content=\"https:\/\/www.scuoladimtb.eu\/formazione\/wp-content\/uploads\/2022\/11\/900x600px-E-Bike-Tour-Leader-Maggio-2019-0188-900x600-1.jpg\" \/>\n\t<meta property=\"og:image:width\" content=\"900\" \/>\n\t<meta property=\"og:image:height\" content=\"600\" \/>\n\t<meta property=\"og:image:type\" content=\"image\/jpeg\" \/>\n<meta name=\"author\" content=\"konrad\" \/>\n<meta name=\"twitter:card\" content=\"summary_large_image\" \/>\n<meta name=\"twitter:creator\" content=\"@scuoladimtb\" \/>\n<meta name=\"twitter:site\" content=\"@scuoladimtb\" \/>\n<meta name=\"twitter:label1\" content=\"Scritto da\" \/>\n\t<meta name=\"twitter:data1\" content=\"konrad\" \/>\n\t<meta name=\"twitter:label2\" content=\"Tempo di lettura stimato\" \/>\n\t<meta name=\"twitter:data2\" content=\"8 minuti\" \/>\n<script type=\"application\/ld+json\" class=\"yoast-schema-graph\">{\"@context\":\"https:\\\/\\\/schema.org\",\"@graph\":[{\"@type\":\"Article\",\"@id\":\"https:\\\/\\\/www.scuoladimtb.eu\\\/formazione\\\/e-bike-gravity-tour-leader-quando-le-bike-cambia-il-modo-di-vivere-la-montagna\\\/#article\",\"isPartOf\":{\"@id\":\"https:\\\/\\\/www.scuoladimtb.eu\\\/formazione\\\/e-bike-gravity-tour-leader-quando-le-bike-cambia-il-modo-di-vivere-la-montagna\\\/\"},\"author\":{\"name\":\"konrad\",\"@id\":\"https:\\\/\\\/www.scuoladimtb.eu\\\/formazione\\\/#\\\/schema\\\/person\\\/efb682a30a20e0e8ebdc353bd7b2df65\"},\"headline\":\"E-Bike Gravity Tour Leader: quando l&#8217;e-bike cambia il modo di vivere la montagna\",\"datePublished\":\"2026-08-31T07:19:27+00:00\",\"dateModified\":\"2026-08-31T07:19:28+00:00\",\"mainEntityOfPage\":{\"@id\":\"https:\\\/\\\/www.scuoladimtb.eu\\\/formazione\\\/e-bike-gravity-tour-leader-quando-le-bike-cambia-il-modo-di-vivere-la-montagna\\\/\"},\"wordCount\":1644,\"publisher\":{\"@id\":\"https:\\\/\\\/www.scuoladimtb.eu\\\/formazione\\\/#organization\"},\"image\":{\"@id\":\"https:\\\/\\\/www.scuoladimtb.eu\\\/formazione\\\/e-bike-gravity-tour-leader-quando-le-bike-cambia-il-modo-di-vivere-la-montagna\\\/#primaryimage\"},\"thumbnailUrl\":\"https:\\\/\\\/www.scuoladimtb.eu\\\/formazione\\\/wp-content\\\/uploads\\\/2022\\\/11\\\/900x600px-E-Bike-Tour-Leader-Maggio-2019-0188-900x600-1.jpg\",\"articleSection\":[\"Guide\"],\"inLanguage\":\"it-IT\"},{\"@type\":\"WebPage\",\"@id\":\"https:\\\/\\\/www.scuoladimtb.eu\\\/formazione\\\/e-bike-gravity-tour-leader-quando-le-bike-cambia-il-modo-di-vivere-la-montagna\\\/\",\"url\":\"https:\\\/\\\/www.scuoladimtb.eu\\\/formazione\\\/e-bike-gravity-tour-leader-quando-le-bike-cambia-il-modo-di-vivere-la-montagna\\\/\",\"name\":\"E-Bike Gravity Tour Leader: quando l'e-bike cambia il modo di vivere la montagna - Accademia Nazionale del Ciclismo\",\"isPartOf\":{\"@id\":\"https:\\\/\\\/www.scuoladimtb.eu\\\/formazione\\\/#website\"},\"primaryImageOfPage\":{\"@id\":\"https:\\\/\\\/www.scuoladimtb.eu\\\/formazione\\\/e-bike-gravity-tour-leader-quando-le-bike-cambia-il-modo-di-vivere-la-montagna\\\/#primaryimage\"},\"image\":{\"@id\":\"https:\\\/\\\/www.scuoladimtb.eu\\\/formazione\\\/e-bike-gravity-tour-leader-quando-le-bike-cambia-il-modo-di-vivere-la-montagna\\\/#primaryimage\"},\"thumbnailUrl\":\"https:\\\/\\\/www.scuoladimtb.eu\\\/formazione\\\/wp-content\\\/uploads\\\/2022\\\/11\\\/900x600px-E-Bike-Tour-Leader-Maggio-2019-0188-900x600-1.jpg\",\"datePublished\":\"2026-08-31T07:19:27+00:00\",\"dateModified\":\"2026-08-31T07:19:28+00:00\",\"breadcrumb\":{\"@id\":\"https:\\\/\\\/www.scuoladimtb.eu\\\/formazione\\\/e-bike-gravity-tour-leader-quando-le-bike-cambia-il-modo-di-vivere-la-montagna\\\/#breadcrumb\"},\"inLanguage\":\"it-IT\",\"potentialAction\":[{\"@type\":\"ReadAction\",\"target\":[\"https:\\\/\\\/www.scuoladimtb.eu\\\/formazione\\\/e-bike-gravity-tour-leader-quando-le-bike-cambia-il-modo-di-vivere-la-montagna\\\/\"]}]},{\"@type\":\"ImageObject\",\"inLanguage\":\"it-IT\",\"@id\":\"https:\\\/\\\/www.scuoladimtb.eu\\\/formazione\\\/e-bike-gravity-tour-leader-quando-le-bike-cambia-il-modo-di-vivere-la-montagna\\\/#primaryimage\",\"url\":\"https:\\\/\\\/www.scuoladimtb.eu\\\/formazione\\\/wp-content\\\/uploads\\\/2022\\\/11\\\/900x600px-E-Bike-Tour-Leader-Maggio-2019-0188-900x600-1.jpg\",\"contentUrl\":\"https:\\\/\\\/www.scuoladimtb.eu\\\/formazione\\\/wp-content\\\/uploads\\\/2022\\\/11\\\/900x600px-E-Bike-Tour-Leader-Maggio-2019-0188-900x600-1.jpg\",\"width\":900,\"height\":600},{\"@type\":\"BreadcrumbList\",\"@id\":\"https:\\\/\\\/www.scuoladimtb.eu\\\/formazione\\\/e-bike-gravity-tour-leader-quando-le-bike-cambia-il-modo-di-vivere-la-montagna\\\/#breadcrumb\",\"itemListElement\":[{\"@type\":\"ListItem\",\"position\":1,\"name\":\"Home\",\"item\":\"https:\\\/\\\/www.scuoladimtb.eu\\\/formazione\\\/\"},{\"@type\":\"ListItem\",\"position\":2,\"name\":\"E-Bike Gravity Tour Leader: quando l&#8217;e-bike cambia il modo di vivere la montagna\"}]},{\"@type\":\"WebSite\",\"@id\":\"https:\\\/\\\/www.scuoladimtb.eu\\\/formazione\\\/#website\",\"url\":\"https:\\\/\\\/www.scuoladimtb.eu\\\/formazione\\\/\",\"name\":\"Accademia Nazionale del Ciclismo\",\"description\":\"Dal 1996 per la tua passione e la tua professione\",\"publisher\":{\"@id\":\"https:\\\/\\\/www.scuoladimtb.eu\\\/formazione\\\/#organization\"},\"potentialAction\":[{\"@type\":\"SearchAction\",\"target\":{\"@type\":\"EntryPoint\",\"urlTemplate\":\"https:\\\/\\\/www.scuoladimtb.eu\\\/formazione\\\/?s={search_term_string}\"},\"query-input\":{\"@type\":\"PropertyValueSpecification\",\"valueRequired\":true,\"valueName\":\"search_term_string\"}}],\"inLanguage\":\"it-IT\"},{\"@type\":\"Organization\",\"@id\":\"https:\\\/\\\/www.scuoladimtb.eu\\\/formazione\\\/#organization\",\"name\":\"Accademia Nazionale di Mountain Bike\",\"url\":\"https:\\\/\\\/www.scuoladimtb.eu\\\/formazione\\\/\",\"logo\":{\"@type\":\"ImageObject\",\"inLanguage\":\"it-IT\",\"@id\":\"https:\\\/\\\/www.scuoladimtb.eu\\\/formazione\\\/#\\\/schema\\\/logo\\\/image\\\/\",\"url\":\"https:\\\/\\\/www.scuoladimtb.eu\\\/formazione\\\/wp-content\\\/uploads\\\/2020\\\/03\\\/stacks-image-d3b141c.png\",\"contentUrl\":\"https:\\\/\\\/www.scuoladimtb.eu\\\/formazione\\\/wp-content\\\/uploads\\\/2020\\\/03\\\/stacks-image-d3b141c.png\",\"width\":990,\"height\":150,\"caption\":\"Accademia Nazionale di Mountain Bike\"},\"image\":{\"@id\":\"https:\\\/\\\/www.scuoladimtb.eu\\\/formazione\\\/#\\\/schema\\\/logo\\\/image\\\/\"},\"sameAs\":[\"https:\\\/\\\/www.facebook.com\\\/AccademiaMountainBike\\\/\",\"https:\\\/\\\/x.com\\\/scuoladimtb\",\"https:\\\/\\\/www.instagram.com\\\/accademia_di_mountain_bike\\\/\"]},{\"@type\":\"Person\",\"@id\":\"https:\\\/\\\/www.scuoladimtb.eu\\\/formazione\\\/#\\\/schema\\\/person\\\/efb682a30a20e0e8ebdc353bd7b2df65\",\"name\":\"konrad\",\"image\":{\"@type\":\"ImageObject\",\"inLanguage\":\"it-IT\",\"@id\":\"https:\\\/\\\/secure.gravatar.com\\\/avatar\\\/f26ddd6f23ae5765cb94bb63203b2e4c6fab164c8d97dc633b6a9c55b1c5e985?s=96&d=mm&r=g\",\"url\":\"https:\\\/\\\/secure.gravatar.com\\\/avatar\\\/f26ddd6f23ae5765cb94bb63203b2e4c6fab164c8d97dc633b6a9c55b1c5e985?s=96&d=mm&r=g\",\"contentUrl\":\"https:\\\/\\\/secure.gravatar.com\\\/avatar\\\/f26ddd6f23ae5765cb94bb63203b2e4c6fab164c8d97dc633b6a9c55b1c5e985?s=96&d=mm&r=g\",\"caption\":\"konrad\"}}]}<\/script>\n<!-- \/ Yoast SEO plugin. -->","yoast_head_json":{"title":"E-Bike Gravity Tour Leader: quando l'e-bike cambia il modo di vivere la montagna - Accademia Nazionale del Ciclismo","robots":{"index":"index","follow":"follow","max-snippet":"max-snippet:-1","max-image-preview":"max-image-preview:large","max-video-preview":"max-video-preview:-1"},"canonical":"https:\/\/www.scuoladimtb.eu\/formazione\/e-bike-gravity-tour-leader-quando-le-bike-cambia-il-modo-di-vivere-la-montagna\/","og_locale":"it_IT","og_type":"article","og_title":"E-Bike Gravity Tour Leader: quando l'e-bike cambia il modo di vivere la montagna - Accademia Nazionale del Ciclismo","og_description":"C&#8217;\u00e8 una parola che negli ultimi anni ha cambiato profondamente il vocabolario della mountain bike: e-bike. Non si tratta pi\u00f9 di una semplice variante della bicicletta tradizionale. Le moderne e-MTB hanno modificato il modo di affrontare le salite, ampliato la possibilit\u00e0 di raggiungere determinati territori e, soprattutto, hanno aperto il mondo della mountain bike a [&hellip;]","og_url":"https:\/\/www.scuoladimtb.eu\/formazione\/e-bike-gravity-tour-leader-quando-le-bike-cambia-il-modo-di-vivere-la-montagna\/","og_site_name":"Accademia Nazionale del Ciclismo","article_publisher":"https:\/\/www.facebook.com\/AccademiaMountainBike\/","article_published_time":"2026-08-31T07:19:27+00:00","article_modified_time":"2026-08-31T07:19:28+00:00","og_image":[{"width":900,"height":600,"url":"https:\/\/www.scuoladimtb.eu\/formazione\/wp-content\/uploads\/2022\/11\/900x600px-E-Bike-Tour-Leader-Maggio-2019-0188-900x600-1.jpg","type":"image\/jpeg"}],"author":"konrad","twitter_card":"summary_large_image","twitter_creator":"@scuoladimtb","twitter_site":"@scuoladimtb","twitter_misc":{"Scritto da":"konrad","Tempo di lettura stimato":"8 minuti"},"schema":{"@context":"https:\/\/schema.org","@graph":[{"@type":"Article","@id":"https:\/\/www.scuoladimtb.eu\/formazione\/e-bike-gravity-tour-leader-quando-le-bike-cambia-il-modo-di-vivere-la-montagna\/#article","isPartOf":{"@id":"https:\/\/www.scuoladimtb.eu\/formazione\/e-bike-gravity-tour-leader-quando-le-bike-cambia-il-modo-di-vivere-la-montagna\/"},"author":{"name":"konrad","@id":"https:\/\/www.scuoladimtb.eu\/formazione\/#\/schema\/person\/efb682a30a20e0e8ebdc353bd7b2df65"},"headline":"E-Bike Gravity Tour Leader: quando l&#8217;e-bike cambia il modo di vivere la montagna","datePublished":"2026-08-31T07:19:27+00:00","dateModified":"2026-08-31T07:19:28+00:00","mainEntityOfPage":{"@id":"https:\/\/www.scuoladimtb.eu\/formazione\/e-bike-gravity-tour-leader-quando-le-bike-cambia-il-modo-di-vivere-la-montagna\/"},"wordCount":1644,"publisher":{"@id":"https:\/\/www.scuoladimtb.eu\/formazione\/#organization"},"image":{"@id":"https:\/\/www.scuoladimtb.eu\/formazione\/e-bike-gravity-tour-leader-quando-le-bike-cambia-il-modo-di-vivere-la-montagna\/#primaryimage"},"thumbnailUrl":"https:\/\/www.scuoladimtb.eu\/formazione\/wp-content\/uploads\/2022\/11\/900x600px-E-Bike-Tour-Leader-Maggio-2019-0188-900x600-1.jpg","articleSection":["Guide"],"inLanguage":"it-IT"},{"@type":"WebPage","@id":"https:\/\/www.scuoladimtb.eu\/formazione\/e-bike-gravity-tour-leader-quando-le-bike-cambia-il-modo-di-vivere-la-montagna\/","url":"https:\/\/www.scuoladimtb.eu\/formazione\/e-bike-gravity-tour-leader-quando-le-bike-cambia-il-modo-di-vivere-la-montagna\/","name":"E-Bike Gravity Tour Leader: quando l'e-bike cambia il modo di vivere la montagna - Accademia Nazionale del Ciclismo","isPartOf":{"@id":"https:\/\/www.scuoladimtb.eu\/formazione\/#website"},"primaryImageOfPage":{"@id":"https:\/\/www.scuoladimtb.eu\/formazione\/e-bike-gravity-tour-leader-quando-le-bike-cambia-il-modo-di-vivere-la-montagna\/#primaryimage"},"image":{"@id":"https:\/\/www.scuoladimtb.eu\/formazione\/e-bike-gravity-tour-leader-quando-le-bike-cambia-il-modo-di-vivere-la-montagna\/#primaryimage"},"thumbnailUrl":"https:\/\/www.scuoladimtb.eu\/formazione\/wp-content\/uploads\/2022\/11\/900x600px-E-Bike-Tour-Leader-Maggio-2019-0188-900x600-1.jpg","datePublished":"2026-08-31T07:19:27+00:00","dateModified":"2026-08-31T07:19:28+00:00","breadcrumb":{"@id":"https:\/\/www.scuoladimtb.eu\/formazione\/e-bike-gravity-tour-leader-quando-le-bike-cambia-il-modo-di-vivere-la-montagna\/#breadcrumb"},"inLanguage":"it-IT","potentialAction":[{"@type":"ReadAction","target":["https:\/\/www.scuoladimtb.eu\/formazione\/e-bike-gravity-tour-leader-quando-le-bike-cambia-il-modo-di-vivere-la-montagna\/"]}]},{"@type":"ImageObject","inLanguage":"it-IT","@id":"https:\/\/www.scuoladimtb.eu\/formazione\/e-bike-gravity-tour-leader-quando-le-bike-cambia-il-modo-di-vivere-la-montagna\/#primaryimage","url":"https:\/\/www.scuoladimtb.eu\/formazione\/wp-content\/uploads\/2022\/11\/900x600px-E-Bike-Tour-Leader-Maggio-2019-0188-900x600-1.jpg","contentUrl":"https:\/\/www.scuoladimtb.eu\/formazione\/wp-content\/uploads\/2022\/11\/900x600px-E-Bike-Tour-Leader-Maggio-2019-0188-900x600-1.jpg","width":900,"height":600},{"@type":"BreadcrumbList","@id":"https:\/\/www.scuoladimtb.eu\/formazione\/e-bike-gravity-tour-leader-quando-le-bike-cambia-il-modo-di-vivere-la-montagna\/#breadcrumb","itemListElement":[{"@type":"ListItem","position":1,"name":"Home","item":"https:\/\/www.scuoladimtb.eu\/formazione\/"},{"@type":"ListItem","position":2,"name":"E-Bike Gravity Tour Leader: quando l&#8217;e-bike cambia il modo di vivere la montagna"}]},{"@type":"WebSite","@id":"https:\/\/www.scuoladimtb.eu\/formazione\/#website","url":"https:\/\/www.scuoladimtb.eu\/formazione\/","name":"Accademia Nazionale del Ciclismo","description":"Dal 1996 per la tua passione e la tua professione","publisher":{"@id":"https:\/\/www.scuoladimtb.eu\/formazione\/#organization"},"potentialAction":[{"@type":"SearchAction","target":{"@type":"EntryPoint","urlTemplate":"https:\/\/www.scuoladimtb.eu\/formazione\/?s={search_term_string}"},"query-input":{"@type":"PropertyValueSpecification","valueRequired":true,"valueName":"search_term_string"}}],"inLanguage":"it-IT"},{"@type":"Organization","@id":"https:\/\/www.scuoladimtb.eu\/formazione\/#organization","name":"Accademia Nazionale di Mountain Bike","url":"https:\/\/www.scuoladimtb.eu\/formazione\/","logo":{"@type":"ImageObject","inLanguage":"it-IT","@id":"https:\/\/www.scuoladimtb.eu\/formazione\/#\/schema\/logo\/image\/","url":"https:\/\/www.scuoladimtb.eu\/formazione\/wp-content\/uploads\/2020\/03\/stacks-image-d3b141c.png","contentUrl":"https:\/\/www.scuoladimtb.eu\/formazione\/wp-content\/uploads\/2020\/03\/stacks-image-d3b141c.png","width":990,"height":150,"caption":"Accademia Nazionale di Mountain Bike"},"image":{"@id":"https:\/\/www.scuoladimtb.eu\/formazione\/#\/schema\/logo\/image\/"},"sameAs":["https:\/\/www.facebook.com\/AccademiaMountainBike\/","https:\/\/x.com\/scuoladimtb","https:\/\/www.instagram.com\/accademia_di_mountain_bike\/"]},{"@type":"Person","@id":"https:\/\/www.scuoladimtb.eu\/formazione\/#\/schema\/person\/efb682a30a20e0e8ebdc353bd7b2df65","name":"konrad","image":{"@type":"ImageObject","inLanguage":"it-IT","@id":"https:\/\/secure.gravatar.com\/avatar\/f26ddd6f23ae5765cb94bb63203b2e4c6fab164c8d97dc633b6a9c55b1c5e985?s=96&d=mm&r=g","url":"https:\/\/secure.gravatar.com\/avatar\/f26ddd6f23ae5765cb94bb63203b2e4c6fab164c8d97dc633b6a9c55b1c5e985?s=96&d=mm&r=g","contentUrl":"https:\/\/secure.gravatar.com\/avatar\/f26ddd6f23ae5765cb94bb63203b2e4c6fab164c8d97dc633b6a9c55b1c5e985?s=96&d=mm&r=g","caption":"konrad"}}]}},"_links":{"self":[{"href":"https:\/\/www.scuoladimtb.eu\/formazione\/wp-json\/wp\/v2\/posts\/43601","targetHints":{"allow":["GET"]}}],"collection":[{"href":"https:\/\/www.scuoladimtb.eu\/formazione\/wp-json\/wp\/v2\/posts"}],"about":[{"href":"https:\/\/www.scuoladimtb.eu\/formazione\/wp-json\/wp\/v2\/types\/post"}],"author":[{"embeddable":true,"href":"https:\/\/www.scuoladimtb.eu\/formazione\/wp-json\/wp\/v2\/users\/6"}],"replies":[{"embeddable":true,"href":"https:\/\/www.scuoladimtb.eu\/formazione\/wp-json\/wp\/v2\/comments?post=43601"}],"version-history":[{"count":1,"href":"https:\/\/www.scuoladimtb.eu\/formazione\/wp-json\/wp\/v2\/posts\/43601\/revisions"}],"predecessor-version":[{"id":43602,"href":"https:\/\/www.scuoladimtb.eu\/formazione\/wp-json\/wp\/v2\/posts\/43601\/revisions\/43602"}],"wp:featuredmedia":[{"embeddable":true,"href":"https:\/\/www.scuoladimtb.eu\/formazione\/wp-json\/wp\/v2\/media\/34167"}],"wp:attachment":[{"href":"https:\/\/www.scuoladimtb.eu\/formazione\/wp-json\/wp\/v2\/media?parent=43601"}],"wp:term":[{"taxonomy":"category","embeddable":true,"href":"https:\/\/www.scuoladimtb.eu\/formazione\/wp-json\/wp\/v2\/categories?post=43601"},{"taxonomy":"post_tag","embeddable":true,"href":"https:\/\/www.scuoladimtb.eu\/formazione\/wp-json\/wp\/v2\/tags?post=43601"}],"curies":[{"name":"wp","href":"https:\/\/api.w.org\/{rel}","templated":true}]}}